{"id":626,"date":"2015-05-13T19:12:35","date_gmt":"2015-05-13T18:12:35","guid":{"rendered":"http:\/\/www.renaissance-vieux-boulogne.fr\/?p=626"},"modified":"2015-06-02T09:20:04","modified_gmt":"2015-06-02T08:20:04","slug":"quelques-manoirs-du-boulonnais","status":"publish","type":"post","link":"https:\/\/www.renaissance-vieux-boulogne.fr\/?p=626","title":{"rendered":"Quelques manoirs du Boulonnais"},"content":{"rendered":"<p style=\"text-align: center;\"><strong>Par Monsieur Michel Parenty<br \/>\n<\/strong><\/p>\n<p style=\"text-align: center;\">Vendredi 22 mai 2015<\/p>\n<p style=\"text-align: center;\"><em>Membre de le Commission r\u00e9gionale du patrimoine et des sites du Nord-Pas-de-Calais<\/em><br \/>\n<em>Et membre de la Commission d\u00e9partementale d\u2019histoire et d\u2019arch\u00e9ologie du Pas-de-Calais<\/em><\/p>\n<p style=\"text-align: center;\"><em><strong>Manoirs et demeures de plaisance par monts et par vaux en Boulonnais (suite)<\/strong><br \/>\n<\/em><\/p>\n<p>Poursuivant son cycle de conf\u00e9rences sur l\u2019histoire in\u00e9dite des ch\u00e2teaux et manoirs du Boulonnais, Monsieur Parenty a expos\u00e9 l\u2019historique d\u00e9taill\u00e9 de trois demeures proches de Boulogne : H\u00e9nocq \u00e0 Brexent-Enocq, le Major \u00e0 Belle-et-Houllefort et les Pipots \u00e0 Wimille. Par son discours tr\u00e8s riche d\u2019informations et illustr\u00e9 d\u2019un diaporama pr\u00e9sentant portraits, plans, gravures et photographies, il a captiv\u00e9 les quelques 60 personnes venues l\u2019\u00e9couter.<br \/>\nPropri\u00e9t\u00e9s priv\u00e9es, bien entretenues, et pour le premier accessible au public qui peut venir admirer son jardin m\u00e9di\u00e9val restaur\u00e9 depuis peu, ces demeures s\u2019inscrivent dans l\u2019histoire tourment\u00e9e de notre r\u00e9gion. Monsieur Parenty a ainsi particuli\u00e8rement \u00e9voqu\u00e9 la p\u00e9riode du Camp de Boulogne (1803-1805) \u00e0 propos du tr\u00e8s beau manoir des Pipots \u00e0 Wimille.<br \/>\nComme \u00e0 son habitude M. Parenty nous invite \u00e0 revisiter la belle campagne du Boulonnais riche en demeures charg\u00e9es d\u2019histoire.<\/p>\n<p><!--more--><\/p>\n<p style=\"text-align: center;\">Annonce<\/p>\n<p style=\"text-align: center;\"><strong>Vendredi 22 Mai 2015<br \/>\n<\/strong><\/p>\n<p style=\"text-align: center;\"><strong>18h<\/strong><\/p>\n<p style=\"text-align: center;\">Salle Cassar, Biblioth\u00e8que des Annonciades, Place de la R\u00e9sistance, Boulogne-sur-mer<\/p>\n<p style=\"text-align: center;\">Ouvert \u00e0 tous \u2013 Entr\u00e9e gratuite<\/p>\n<p style=\"text-align: left;\">Monsieur Michel Parenty, historien, pr\u00e9sentera l\u2019histoire de quelques manoirs du Boulonnais. Depuis de nombreuses ann\u00e9es M. Parenty travaille sur ce sujet qui prend en compte les aspects historiques, patrimoniaux et humains de ces demeures encore nombreuses dans notre r\u00e9gion.<\/p>\n<p style=\"text-align: left;\">Auteur de plusieurs ouvrages consacr\u00e9s \u00e0 ces th\u00e8mes comme : <em>Gentilshommes et laboureurs du Boulonnais : Faits historiques et sociaux, institutions, vie quotidienne, biographies&#8230;<\/em>\u00a0 ( 2005, Michel Parenty et Henri Lorge), il a assur\u00e9 la r\u00e9\u00e9dition tr\u00e8s attendue du livre\u00a0 <em>Les vieux manoirs du Boulonnais<\/em>\u00a0 publi\u00e9 par l\u2019historien Roger Rodi\u00e8re en 1924. Cette r\u00e9\u00e9dition enrichie d\u2019une introduction, de notes et d\u2019illustrations permet de revisiter l\u2019histoire du Boulonnais, longtemps r\u00e9gion fronti\u00e8re confront\u00e9e au fil de son histoire aux ambitions des Anglais, des Espagnols, des Autrichiens ou plus r\u00e9cemment \u00e0 l\u2019occupation des troupes allemandes durant la Seconde Guerre Mondiale.<br \/>\nFaire conna\u00eetre ce patrimoine que sont les manoirs et ch\u00e2teaux du Boulonnais, promouvoir leur sauvegarde et satisfaire la curiosit\u00e9 de nombreux passionn\u00e9s de l\u2019histoire du Boulonnais, tels sont les objectifs que souhaite atteindre M. Michel Parenty lors de ses conf\u00e9rences toujours suivies par un auditoire passionn\u00e9.<\/p>\n<p style=\"text-align: center;\">R\u00e9\u00e9dition de l&rsquo;ouvrage de Roger Rodi\u00e8re<\/p>\n<p style=\"text-align: center;\"><em>Les Vieux Manoirs du Boulonnais<\/em><\/p>\n<p style=\"text-align: center;\"><img loading=\"lazy\" decoding=\"async\" id=\"il_fi\" src=\"http:\/\/www.google.fr\/url?source=imglanding&amp;ct=img&amp;q=http:\/\/a.decitre.di-static.com\/media\/catalog\/product\/cache\/1\/image\/200x303\/9df78eab33525d08d6e5fb8d27136e95\/9\/7\/8\/2\/9\/5\/0\/8\/9782950863843FS.gif&amp;sa=X&amp;ei=FZZTVZjIJYriywPn5oHQDw&amp;ved=0CAkQ8wc&amp;usg=AFQjCNE2FyYrA4PYU6HsOZDnkCjy7--pkA\" alt=\"\" width=\"200\" height=\"272\" \/><img loading=\"lazy\" decoding=\"async\" id=\"il_fi\" src=\"http:\/\/www.google.fr\/url?source=imglanding&amp;ct=img&amp;q=http:\/\/pmcdn.priceminister.com\/photo\/les-vieux-manoirs-du-boulonnais-de-roger-rodiere-tome-2-de-michel-parenty-1016115018_ML.jpg&amp;sa=X&amp;ei=upVTVfStC4SCzAPUx4HoBA&amp;ved=0CAkQ8wc&amp;usg=AFQjCNHIBLBDN_OQEz92Krm3HX793_7xMQ\" alt=\"\" width=\"270\" height=\"270\" \/><\/p>\n<p style=\"text-align: center;\">liens pour en savoir plus sur l&rsquo;ouvrage<\/p>\n<p><a href=\"http:\/\/www.google.fr\/imgres?imgurl=http:\/\/www.echo62.com\/images\/dossier\/137d.jpg&amp;imgrefurl=http:\/\/www.echo62.com\/article-137-100-ans-de-protection&amp;h=250&amp;w=360&amp;tbnid=-072pwx0hlSGyM:&amp;zoom=1&amp;tbnh=93&amp;tbnw=134&amp;usg=__uV912E-Y22Kye2d1TtC-f4OAgUU=&amp;docid=cU0xb_vhWk7gjM\" target=\"_blank\">http:\/\/www.google.fr\/imgres?imgurl=http:\/\/www.echo62.com\/images\/dossier\/137d.jpg&amp;imgrefurl=http:\/\/www.echo62.com\/article-137-100-ans-de-protection&amp;h=250&amp;w=360&amp;tbnid=-072pwx0hlSGyM:&amp;zoom=1&amp;tbnh=93&amp;tbnw=134&amp;usg=__uV912E-Y22Kye2d1TtC-f4OAgUU=&amp;docid=cU0xb_vhWk7gjM<\/a><\/p>\n<p style=\"text-align: center;\"><a href=\"http:\/\/www.lavoixdunord.fr\/region\/boulonnais-michel-parenty-rend-un-superbe-hommage-aux-ia31b49030n1232362\" target=\"_blank\">http:\/\/www.lavoixdunord.fr\/region\/boulonnais-michel-parenty-rend-un-superbe-hommage-aux-ia31b49030n1232362<\/a><\/p>\n","protected":false},"excerpt":{"rendered":"<p>Par Monsieur Michel Parenty Vendredi 22 mai 2015 Membre de le Commission r\u00e9gionale du patrimoine et des sites du Nord-Pas-de-Calais Et membre de la Commission d\u00e9partementale d\u2019histoire et d\u2019arch\u00e9ologie du Pas-de-Calais Manoirs et demeures de plaisance par monts et par vaux en Boulonnais (suite) Poursuivant son cycle de conf\u00e9rences sur l\u2019histoire in\u00e9dite des ch\u00e2teaux et &hellip; <a href=\"https:\/\/www.renaissance-vieux-boulogne.fr\/?p=626\" class=\"more-link\">Continuer la lecture de <span class=\"screen-reader-text\">Quelques manoirs du Boulonnais<\/span>  <span class=\"meta-nav\">&rarr;<\/span><\/a><\/p>\n","protected":false},"author":1,"featured_media":0,"comment_status":"closed","ping_status":"closed","sticky":false,"template":"","format":"standard","meta":{"footnotes":""},"categories":[7],"tags":[],"class_list":["post-626","post","type-post","status-publish","format-standard","hentry","category-conference"],"_links":{"self":[{"href":"https:\/\/www.renaissance-vieux-boulogne.fr\/index.php?rest_route=\/wp\/v2\/posts\/626","targetHints":{"allow":["GET"]}}],"collection":[{"href":"https:\/\/www.renaissance-vieux-boulogne.fr\/index.php?rest_route=\/wp\/v2\/posts"}],"about":[{"href":"https:\/\/www.renaissance-vieux-boulogne.fr\/index.php?rest_route=\/wp\/v2\/types\/post"}],"author":[{"embeddable":true,"href":"https:\/\/www.renaissance-vieux-boulogne.fr\/index.php?rest_route=\/wp\/v2\/users\/1"}],"replies":[{"embeddable":true,"href":"https:\/\/www.renaissance-vieux-boulogne.fr\/index.php?rest_route=%2Fwp%2Fv2%2Fcomments&post=626"}],"version-history":[{"count":11,"href":"https:\/\/www.renaissance-vieux-boulogne.fr\/index.php?rest_route=\/wp\/v2\/posts\/626\/revisions"}],"predecessor-version":[{"id":640,"href":"https:\/\/www.renaissance-vieux-boulogne.fr\/index.php?rest_route=\/wp\/v2\/posts\/626\/revisions\/640"}],"wp:attachment":[{"href":"https:\/\/www.renaissance-vieux-boulogne.fr\/index.php?rest_route=%2Fwp%2Fv2%2Fmedia&parent=626"}],"wp:term":[{"taxonomy":"category","embeddable":true,"href":"https:\/\/www.renaissance-vieux-boulogne.fr\/index.php?rest_route=%2Fwp%2Fv2%2Fcategories&post=626"},{"taxonomy":"post_tag","embeddable":true,"href":"https:\/\/www.renaissance-vieux-boulogne.fr\/index.php?rest_route=%2Fwp%2Fv2%2Ftags&post=626"}],"curies":[{"name":"wp","href":"https:\/\/api.w.org\/{rel}","templated":true}]}}