{"id":641,"date":"2015-06-03T20:17:01","date_gmt":"2015-06-03T19:17:01","guid":{"rendered":"http:\/\/www.renaissance-vieux-boulogne.fr\/?p=641"},"modified":"2015-06-09T09:44:42","modified_gmt":"2015-06-09T08:44:42","slug":"la-cote-dopale-pendant-la-premiere-guerre-mondiale","status":"publish","type":"post","link":"https:\/\/www.renaissance-vieux-boulogne.fr\/?p=641","title":{"rendered":"La C\u00f4te d&rsquo;Opale pendant la premi\u00e8re guerre mondiale"},"content":{"rendered":"<p style=\"text-align: center;\"><strong>Par Monsieur Bruno Bethouart<br \/>\n<\/strong><\/p>\n<p style=\"text-align: center;\"><a href=\"http:\/\/www.renaissance-vieux-boulogne.fr\/wp-content\/uploads\/2015\/06\/b_bethouart.jpg\"><img loading=\"lazy\" decoding=\"async\" class=\"alignnone size-medium wp-image-649\" src=\"http:\/\/www.renaissance-vieux-boulogne.fr\/wp-content\/uploads\/2015\/06\/b_bethouart-300x225.jpg\" alt=\"b_bethouart\" width=\"300\" height=\"225\" srcset=\"https:\/\/www.renaissance-vieux-boulogne.fr\/wp-content\/uploads\/2015\/06\/b_bethouart-300x225.jpg 300w, https:\/\/www.renaissance-vieux-boulogne.fr\/wp-content\/uploads\/2015\/06\/b_bethouart.jpg 648w\" sizes=\"auto, (max-width: 300px) 100vw, 300px\" \/><\/a><\/p>\n<p style=\"text-align: center;\"><strong>Vendredi 5 juin\u00a0 2015<br \/>\n<\/strong><\/p>\n<p style=\"text-align: center;\"><strong>18h<\/strong><\/p>\n<p style=\"text-align: center;\">Salle Cassar, Biblioth\u00e8que des Annonciades, Place de la R\u00e9sistance, Boulogne-sur-mer<\/p>\n<p style=\"text-align: left;\">Si, pendant la premi\u00e8re guerre mondiale, la C\u00f4te d\u2019Opale n\u2019a pas \u00e9t\u00e9 le th\u00e9\u00e2tre de combats, elle n\u2019en a pas moins jou\u00e9 un r\u00f4le strat\u00e9gique important qui a boulevers\u00e9 son activit\u00e9 et la vie quotidienne de ses habitants.<br \/>\nLieu d\u2019arriv\u00e9e des troupes alli\u00e9es qui transitaient par ses ports, elle eut rapidement vocation de base arri\u00e8re. Des camps s\u2019y install\u00e8rent pour l\u2019entra\u00eenement des soldats. De nombreux h\u00f4pitaux s\u2019ouvrirent pour les soins aux bless\u00e9s venus du front. Le haut commandement britannique installa son Quartier G\u00e9n\u00e9ral \u00e0 Montreuil en 1916.<br \/>\nL\u2019afflux de cette population militaire ne se fit pas sans bouleversements pour les habitants. Les d\u00e9bordements li\u00e9s \u00e0 l\u2019alcool ou \u00e0 des r\u00e9voltes, comme \u00e0 Etaples, caus\u00e8rent des rejets, mais de fa\u00e7on g\u00e9n\u00e9rale la cohabitation fut bonne. Elle d\u00e9boucha m\u00eame sur des unions matrimoniales.<br \/>\nC\u2019est au fil de cette Histoire que Monsieur B\u00e9thouart a emmen\u00e9 son auditoire et l\u2019a conquis. Un pan d\u2019histoire locale qui m\u00e9ritait d\u2019\u00eatre mis en lumi\u00e8re, et le fut brillamment.<\/p>\n<p style=\"text-align: left;\"><strong>Signal\u00e9e par M. Bethouart : la r\u00e9\u00e9dition de l&rsquo;ouvrage de M. Lottin, <em>Histoire de Boulogne-sur-mer<\/em>, Presses Universitaires du Septentrion<\/strong><\/p>\n<p>Lire les articles de la presse locale, saluant la r\u00e9\u00e9dition du livre de M. Lottin :<\/p>\n<p><a href=\"http:\/\/www.lavoixdunord.fr\/region\/boulogne-le-livre-que-tout-boulonnais-se-devrait-ia31b49030n2444381\" target=\"_blank\">http:\/\/www.lavoixdunord.fr\/region\/boulogne-le-livre-que-tout-boulonnais-se-devrait-ia31b49030n2444381<\/a><\/p>\n<p><a href=\"http:\/\/www.nordlittoral.fr\/loisirs-pratique\/2-000-ans-d-histoire-sous-la-main-a-boulogne-ia0b0n151200\" target=\"_blank\">http:\/\/www.nordlittoral.fr\/loisirs-pratique\/2-000-ans-d-histoire-sous-la-main-a-boulogne-ia0b0n151200<\/a><\/p>\n<p style=\"text-align: center;\"><!--more-->__<\/p>\n<p style=\"text-align: center;\">Annonce<\/p>\n<p style=\"text-align: center;\">Ouvert \u00e0 tous \u2013 Entr\u00e9e gratuite<\/p>\n<p style=\"text-align: left;\">Depuis 1998 M. B\u00e9thouart enseigne l\u2019Histoire contemporaine \u00e0 l\u2019Universit\u00e9 du Littoral-C\u00f4te d\u2019Opale. Auteur d\u2019une th\u00e8se de doctorat de 3e cycle portant sur \u00ab Le MRP dans le Nord-Pas-de-Calais \u00bb et d\u2019une habilitation \u00e0 encadrer les travaux de recherche de ses \u00e9tudiants consacr\u00e9e au \u00ab Mouvement populaire et la question sociale\u00bb, il est aussi l\u2019auteur de nombreux ouvrages qui lui permettent de croiser les domaines de recherche qui orientent ses travaux : le politique, le social et le religieux.<br \/>\nLes r\u00e9centes conf\u00e9rences qu\u2019il a donn\u00e9es dans le cadre de notre association en t\u00e9moignent et montrent aussi la vari\u00e9t\u00e9 des espaces concern\u00e9s :<\/p>\n<p style=\"text-align: left;\">En 2011 : \u00ab Le Boulonnais et le Montreuillois pendant la R\u00e9volution Fran\u00e7aise \u00bb<br \/>\nEn 2012 : \u00ab Joseph Sauty, un mineur devenu responsable syndical national \u00bb<br \/>\nEn 2013 : \u00ab Foi et litt\u00e9rature dans l\u2019Europe contemporaine \u00bb.<\/p>\n<p style=\"text-align: left;\">Ce vendredi c\u2019est dans le cadre de la C\u00f4te d\u2019Opale qu\u2019il \u00e9voquera les temps difficiles v\u00e9cus par les habitants de notre r\u00e9gion, base arri\u00e8re des arm\u00e9es d\u00e9ploy\u00e9es sur les fronts de Flandre, d\u2019Artois et de Somme, accueillant les arm\u00e9es venues de l\u2019Empire Britannique, les victimes ramen\u00e9es des divers Fronts , mais dans le m\u00eame temps r\u00e9gion expos\u00e9e aux p\u00e9rils des bombardements venus des navires allemands pr\u00e9sents dans le D\u00e9troit du Pas-de-Calais.<\/p>\n","protected":false},"excerpt":{"rendered":"<p>Par Monsieur Bruno Bethouart Vendredi 5 juin\u00a0 2015 18h Salle Cassar, Biblioth\u00e8que des Annonciades, Place de la R\u00e9sistance, Boulogne-sur-mer Si, pendant la premi\u00e8re guerre mondiale, la C\u00f4te d\u2019Opale n\u2019a pas \u00e9t\u00e9 le th\u00e9\u00e2tre de combats, elle n\u2019en a pas moins jou\u00e9 un r\u00f4le strat\u00e9gique important qui a boulevers\u00e9 son activit\u00e9 et la vie quotidienne de &hellip; <a href=\"https:\/\/www.renaissance-vieux-boulogne.fr\/?p=641\" class=\"more-link\">Continuer la lecture de <span class=\"screen-reader-text\">La C\u00f4te d&rsquo;Opale pendant la premi\u00e8re guerre mondiale<\/span>  <span class=\"meta-nav\">&rarr;<\/span><\/a><\/p>\n","protected":false},"author":1,"featured_media":0,"comment_status":"closed","ping_status":"closed","sticky":false,"template":"","format":"standard","meta":{"footnotes":""},"categories":[7],"tags":[],"class_list":["post-641","post","type-post","status-publish","format-standard","hentry","category-conference"],"_links":{"self":[{"href":"https:\/\/www.renaissance-vieux-boulogne.fr\/index.php?rest_route=\/wp\/v2\/posts\/641","targetHints":{"allow":["GET"]}}],"collection":[{"href":"https:\/\/www.renaissance-vieux-boulogne.fr\/index.php?rest_route=\/wp\/v2\/posts"}],"about":[{"href":"https:\/\/www.renaissance-vieux-boulogne.fr\/index.php?rest_route=\/wp\/v2\/types\/post"}],"author":[{"embeddable":true,"href":"https:\/\/www.renaissance-vieux-boulogne.fr\/index.php?rest_route=\/wp\/v2\/users\/1"}],"replies":[{"embeddable":true,"href":"https:\/\/www.renaissance-vieux-boulogne.fr\/index.php?rest_route=%2Fwp%2Fv2%2Fcomments&post=641"}],"version-history":[{"count":11,"href":"https:\/\/www.renaissance-vieux-boulogne.fr\/index.php?rest_route=\/wp\/v2\/posts\/641\/revisions"}],"predecessor-version":[{"id":654,"href":"https:\/\/www.renaissance-vieux-boulogne.fr\/index.php?rest_route=\/wp\/v2\/posts\/641\/revisions\/654"}],"wp:attachment":[{"href":"https:\/\/www.renaissance-vieux-boulogne.fr\/index.php?rest_route=%2Fwp%2Fv2%2Fmedia&parent=641"}],"wp:term":[{"taxonomy":"category","embeddable":true,"href":"https:\/\/www.renaissance-vieux-boulogne.fr\/index.php?rest_route=%2Fwp%2Fv2%2Fcategories&post=641"},{"taxonomy":"post_tag","embeddable":true,"href":"https:\/\/www.renaissance-vieux-boulogne.fr\/index.php?rest_route=%2Fwp%2Fv2%2Ftags&post=641"}],"curies":[{"name":"wp","href":"https:\/\/api.w.org\/{rel}","templated":true}]}}