{"id":675,"date":"2015-09-10T20:37:13","date_gmt":"2015-09-10T19:37:13","guid":{"rendered":"http:\/\/www.renaissance-vieux-boulogne.fr\/?p=675"},"modified":"2015-09-22T09:56:20","modified_gmt":"2015-09-22T08:56:20","slug":"sortie-a-roubaix","status":"publish","type":"post","link":"https:\/\/www.renaissance-vieux-boulogne.fr\/?p=675","title":{"rendered":"Sortie \u00e0 Roubaix"},"content":{"rendered":"<p>Boulogne-sur-Mer, le 10 septembre 2015<\/p>\n<p style=\"text-align: center;\">Roubaix et la Villa Cavrois<br \/>\nSamedi 10 octobre 2015<\/p>\n<p style=\"text-align: left;\">Chers amis et amies,<br \/>\nVille drapi\u00e8re d\u00e8s le Moyen-Age, Roubaix devient au XIXe si\u00e8cle une puissante ville industrielle gr\u00e2ce \u00e0 une main d\u2019oeuvre abondante venue de Belgique. Au XXe si\u00e8cle Roubaix voit se d\u00e9velopper, \u00e0 c\u00f4t\u00e9 de l\u2019industrie textile, la vente par correspondance (La Redoute&#8230;). La crise de l\u2019industrie textile, devenue industrie de capitaux plus que de main d\u2019oeuvre, voit les fortunes locales h\u00e9rit\u00e9es du XIXe si\u00e8cle se reconvertir dans la grande distribution (Auchan&#8230;.). Gr\u00e2ce \u00e0 une nouvelle g\u00e9n\u00e9ration d\u2019entrepreneurs les technologies de la communication ou la cr\u00e9ation de nouveaux mat\u00e9riaux textiles illustrent le dynamisme de la ville.<\/p>\n<p style=\"text-align: left;\">De 10 h \u00e0 11 h : Un tour de ville en bus sous la conduite d\u2019un(e) guide vous permettra de retrouver ces surprenants \u00ab Ch\u00e2teaux de l\u2019industrie \u00bb aujourd\u2019hui r\u00e9habilit\u00e9s et reconvertis dans des activit\u00e9s de commerce, de communication ou de culture.<\/p>\n<p style=\"text-align: left;\"><a href=\"http:\/\/www.renaissance-vieux-boulogne.fr\/wp-content\/uploads\/2015\/09\/manufacture-roubaix.jpg\"><img loading=\"lazy\" decoding=\"async\" class=\"size-medium wp-image-689 alignright\" src=\"http:\/\/www.renaissance-vieux-boulogne.fr\/wp-content\/uploads\/2015\/09\/manufacture-roubaix-300x199.jpg\" alt=\"manufacture roubaix\" width=\"300\" height=\"199\" srcset=\"https:\/\/www.renaissance-vieux-boulogne.fr\/wp-content\/uploads\/2015\/09\/manufacture-roubaix-300x199.jpg 300w, https:\/\/www.renaissance-vieux-boulogne.fr\/wp-content\/uploads\/2015\/09\/manufacture-roubaix-1024x680.jpg 1024w, https:\/\/www.renaissance-vieux-boulogne.fr\/wp-content\/uploads\/2015\/09\/manufacture-roubaix.jpg 1600w\" sizes=\"auto, (max-width: 300px) 100vw, 300px\" \/><\/a><\/p>\n<p style=\"text-align: left;\">De 11 h \u00e0 12 h la visite guid\u00e9e de La Manufacture illustrera ce dernier aspect, vous y retrouverez les ateliers o\u00f9 s\u2019activaient des centaines d\u2019ouvriers et surtout d\u2019ouvri\u00e8res, certain(e)s d\u2019entr\u2019eux (elles) vous livreront leurs t\u00e9moignages.<br \/>\nDe 12 h 30 \u00e0 14 h Le d\u00e9jeuner (ap\u00e9ritif, entr\u00e9e, plat, dessert, vin, eau, caf\u00e9) sera pris dans le restaurant \u00ab B\u00f4 Jardin \u00bb situ\u00e9 au coeur du Parc Barbieux, class\u00e9 \u00ab Jardin remarquable \u00bb depuis 2012.<\/p>\n<p style=\"text-align: left;\"><a href=\"http:\/\/www.renaissance-vieux-boulogne.fr\/wp-content\/uploads\/2015\/09\/Villa-Cavrois.jpg\"><img loading=\"lazy\" decoding=\"async\" class=\"size-medium wp-image-685 alignright\" src=\"http:\/\/www.renaissance-vieux-boulogne.fr\/wp-content\/uploads\/2015\/09\/Villa-Cavrois-300x196.jpg\" alt=\"Villa-Cavrois\" width=\"300\" height=\"196\" srcset=\"https:\/\/www.renaissance-vieux-boulogne.fr\/wp-content\/uploads\/2015\/09\/Villa-Cavrois-300x196.jpg 300w, https:\/\/www.renaissance-vieux-boulogne.fr\/wp-content\/uploads\/2015\/09\/Villa-Cavrois.jpg 946w\" sizes=\"auto, (max-width: 300px) 100vw, 300px\" \/><\/a><br \/>\nDe 14 h 30 \u00e0 16 h vous pourrez d\u00e9couvrir, en visite guid\u00e9e, la villa Cavrois ouverte au public depuis le d\u00e9but de l\u2019\u00e9t\u00e9 apr\u00e8s de nombreuses ann\u00e9es de r\u00e9novation. Consid\u00e9r\u00e9e aujourd\u2019hui comme l\u2019un des chefs-d\u2019oeuvre de l\u2019architecture moderne de l\u2019entre-deux-guerres, elle illustre le mode de vie de la soci\u00e9t\u00e9 \u00e0 laquelle appartenait son propri\u00e9taire et le talent de l\u2019architecte Robert Mallet-Stevens injustement oubli\u00e9 avant que la reconnaissance internationale ne vienne enfin c\u00e9l\u00e9brer son oeuvre.<\/p>\n<p style=\"text-align: left;\">Co\u00fbt de la journ\u00e9e : transport, visites guid\u00e9es , droits d\u2019entr\u00e9e et repas compris : 71 euros.<\/p>\n<p style=\"text-align: left;\">D\u00e9part de Boulogne, parking du Ch\u00e2teau-Mus\u00e9e : 8 h, retour pr\u00e9vu \u00e0 18 h 30 \u00e0 Boulogne.<\/p>\n<p style=\"text-align: left;\">Dans l\u2019espoir de vous retrouver nombreux, je vous adresse mes amiti\u00e9s,<br \/>\nYvette Talfer, Pr\u00e9sidente de RVB<\/p>\n<p style=\"text-align: center;\"><a href=\"http:\/\/www.renaissance-vieux-boulogne.fr\/wp-content\/uploads\/2015\/09\/roubaix_inscription.pdf\">TELECHARGER LE BULLETIN D&rsquo;INSCRIPTION<\/a><\/p>\n","protected":false},"excerpt":{"rendered":"<p>Boulogne-sur-Mer, le 10 septembre 2015 Roubaix et la Villa Cavrois Samedi 10 octobre 2015 Chers amis et amies, Ville drapi\u00e8re d\u00e8s le Moyen-Age, Roubaix devient au XIXe si\u00e8cle une puissante ville industrielle gr\u00e2ce \u00e0 une main d\u2019oeuvre abondante venue de Belgique. Au XXe si\u00e8cle Roubaix voit se d\u00e9velopper, \u00e0 c\u00f4t\u00e9 de l\u2019industrie textile, la vente &hellip; <a href=\"https:\/\/www.renaissance-vieux-boulogne.fr\/?p=675\" class=\"more-link\">Continuer la lecture de <span class=\"screen-reader-text\">Sortie \u00e0 Roubaix<\/span>  <span class=\"meta-nav\">&rarr;<\/span><\/a><\/p>\n","protected":false},"author":1,"featured_media":0,"comment_status":"closed","ping_status":"closed","sticky":false,"template":"","format":"standard","meta":{"footnotes":""},"categories":[10],"tags":[],"class_list":["post-675","post","type-post","status-publish","format-standard","hentry","category-sortie"],"_links":{"self":[{"href":"https:\/\/www.renaissance-vieux-boulogne.fr\/index.php?rest_route=\/wp\/v2\/posts\/675","targetHints":{"allow":["GET"]}}],"collection":[{"href":"https:\/\/www.renaissance-vieux-boulogne.fr\/index.php?rest_route=\/wp\/v2\/posts"}],"about":[{"href":"https:\/\/www.renaissance-vieux-boulogne.fr\/index.php?rest_route=\/wp\/v2\/types\/post"}],"author":[{"embeddable":true,"href":"https:\/\/www.renaissance-vieux-boulogne.fr\/index.php?rest_route=\/wp\/v2\/users\/1"}],"replies":[{"embeddable":true,"href":"https:\/\/www.renaissance-vieux-boulogne.fr\/index.php?rest_route=%2Fwp%2Fv2%2Fcomments&post=675"}],"version-history":[{"count":8,"href":"https:\/\/www.renaissance-vieux-boulogne.fr\/index.php?rest_route=\/wp\/v2\/posts\/675\/revisions"}],"predecessor-version":[{"id":690,"href":"https:\/\/www.renaissance-vieux-boulogne.fr\/index.php?rest_route=\/wp\/v2\/posts\/675\/revisions\/690"}],"wp:attachment":[{"href":"https:\/\/www.renaissance-vieux-boulogne.fr\/index.php?rest_route=%2Fwp%2Fv2%2Fmedia&parent=675"}],"wp:term":[{"taxonomy":"category","embeddable":true,"href":"https:\/\/www.renaissance-vieux-boulogne.fr\/index.php?rest_route=%2Fwp%2Fv2%2Fcategories&post=675"},{"taxonomy":"post_tag","embeddable":true,"href":"https:\/\/www.renaissance-vieux-boulogne.fr\/index.php?rest_route=%2Fwp%2Fv2%2Ftags&post=675"}],"curies":[{"name":"wp","href":"https:\/\/api.w.org\/{rel}","templated":true}]}}