{"id":774,"date":"2015-10-08T10:05:44","date_gmt":"2015-10-08T09:05:44","guid":{"rendered":"http:\/\/www.renaissance-vieux-boulogne.fr\/?p=774"},"modified":"2015-10-08T10:05:44","modified_gmt":"2015-10-08T09:05:44","slug":"conferences-programme-2015-2016","status":"publish","type":"post","link":"https:\/\/www.renaissance-vieux-boulogne.fr\/?p=774","title":{"rendered":"Conf\u00e9rences, programme 2015-2016"},"content":{"rendered":"<p style=\"text-align: center;\">Les conf\u00e9rences ont lieu tous les vendredis<\/p>\n<p style=\"text-align: center;\"><strong>Salle Cassar, Biblioth\u00e8que des Annonciades, Place de la R\u00e9sistance, Boulogne-sur-mer<\/strong><\/p>\n<p style=\"text-align: center;\">\u00e0<\/p>\n<p style=\"text-align: center;\"><strong>18h<\/strong><\/p>\n<p style=\"text-align: center;\">Elles sont gratuites et ouvertes \u00e0 tous<\/p>\n<ul>\n<li>Vendredi <strong>13 novembre 2015 :<\/strong> <em>Quand Fant\u00f4mas s\u2019invite \u00e0 Boulogne pour les f\u00eates de l\u2019a\u00e9ronautique<\/em>. Anne-Marie COJEZ, Docteur en Lettres.<\/li>\n<\/ul>\n<ul>\n<li>Vendredi <strong>4 d\u00e9cembre 2015<\/strong> : <em>De la B\u00fbche de No\u00ebl aux feux de la Saint-Jean, du rite au folklore<\/em>. Jean-Pierre TANCRE, Professeur de Lettres.<\/li>\n<\/ul>\n<ul>\n<li>Vendredi <strong>8 janvier 2016<\/strong> : <em>La collection Charles Lebeau au Mus\u00e9e de Boulogne.<\/em> J\u00e9r\u00f4me FOURMANOIR, Doctorant en histoire de l\u2019art.<\/li>\n<\/ul>\n<ul>\n<li>Vendredi <strong>26 f\u00e9vrier 2016<\/strong> : <em>Confr\u00e9ries et f\u00eates \u00e0 Boulogne au Moyen-Age et au XVIe si\u00e8cle<\/em>. Isabelle CLAUZEL, Docteur en Histoire.<\/li>\n<\/ul>\n<ul>\n<li>Vendredi <strong>18 mars 2016<\/strong> : <em>Mgr. Emile Lobbedey, \u00e9v\u00eaque du dioc\u00e8se d\u2019Arras et Saint-Omer, mort \u00e0 Boulogne-sur-Mer durant la Grande Guerre et inhum\u00e9 dans la Cath\u00e9drale<\/em>. Bruno BETHOUART, Professeur honoraire d\u2019histoire contemporaine \u00e0 l\u2019ULCO.<\/li>\n<\/ul>\n<ul>\n<li>Vendredi <strong>29 avril 2016<\/strong>: <em>Heinrich Heine et Boulogne-sur-Mer : Quand le c\u00e9l\u00e8bre po\u00e8te allemand, exil\u00e9 \u00e0 Paris d\u00e8s 1831, aimait venir prendre les eaux \u00e0 Boulogne-sur-Mer<\/em>. Albrecht VON SOEHNEN.<\/li>\n<\/ul>\n<ul>\n<li>Vendredi <strong>20 mai 2016<\/strong>: <em>Manoirs et gentilhommi\u00e8res de la campagne boulonnaise, suite<\/em>. Michel PARENTY, historien .<\/li>\n<\/ul>\n<ul>\n<li>Vendredi <strong>10 juin 2016<\/strong>: 1791 et les ultimes chefs-d\u2019oeuvre de Mozart. Dominique GHESQUIERE, sp\u00e9cialiste de l\u2019op\u00e9ra comique.<\/li>\n<\/ul>\n","protected":false},"excerpt":{"rendered":"<p>Les conf\u00e9rences ont lieu tous les vendredis Salle Cassar, Biblioth\u00e8que des Annonciades, Place de la R\u00e9sistance, Boulogne-sur-mer \u00e0 18h Elles sont gratuites et ouvertes \u00e0 tous Vendredi 13 novembre 2015 : Quand Fant\u00f4mas s\u2019invite \u00e0 Boulogne pour les f\u00eates de l\u2019a\u00e9ronautique. Anne-Marie COJEZ, Docteur en Lettres. Vendredi 4 d\u00e9cembre 2015 : De la B\u00fbche de &hellip; <a href=\"https:\/\/www.renaissance-vieux-boulogne.fr\/?p=774\" class=\"more-link\">Continuer la lecture de <span class=\"screen-reader-text\">Conf\u00e9rences, programme 2015-2016<\/span>  <span class=\"meta-nav\">&rarr;<\/span><\/a><\/p>\n","protected":false},"author":1,"featured_media":0,"comment_status":"closed","ping_status":"closed","sticky":false,"template":"","format":"standard","meta":{"footnotes":""},"categories":[1],"tags":[],"class_list":["post-774","post","type-post","status-publish","format-standard","hentry","category-non-classe"],"_links":{"self":[{"href":"https:\/\/www.renaissance-vieux-boulogne.fr\/index.php?rest_route=\/wp\/v2\/posts\/774","targetHints":{"allow":["GET"]}}],"collection":[{"href":"https:\/\/www.renaissance-vieux-boulogne.fr\/index.php?rest_route=\/wp\/v2\/posts"}],"about":[{"href":"https:\/\/www.renaissance-vieux-boulogne.fr\/index.php?rest_route=\/wp\/v2\/types\/post"}],"author":[{"embeddable":true,"href":"https:\/\/www.renaissance-vieux-boulogne.fr\/index.php?rest_route=\/wp\/v2\/users\/1"}],"replies":[{"embeddable":true,"href":"https:\/\/www.renaissance-vieux-boulogne.fr\/index.php?rest_route=%2Fwp%2Fv2%2Fcomments&post=774"}],"version-history":[{"count":2,"href":"https:\/\/www.renaissance-vieux-boulogne.fr\/index.php?rest_route=\/wp\/v2\/posts\/774\/revisions"}],"predecessor-version":[{"id":776,"href":"https:\/\/www.renaissance-vieux-boulogne.fr\/index.php?rest_route=\/wp\/v2\/posts\/774\/revisions\/776"}],"wp:attachment":[{"href":"https:\/\/www.renaissance-vieux-boulogne.fr\/index.php?rest_route=%2Fwp%2Fv2%2Fmedia&parent=774"}],"wp:term":[{"taxonomy":"category","embeddable":true,"href":"https:\/\/www.renaissance-vieux-boulogne.fr\/index.php?rest_route=%2Fwp%2Fv2%2Fcategories&post=774"},{"taxonomy":"post_tag","embeddable":true,"href":"https:\/\/www.renaissance-vieux-boulogne.fr\/index.php?rest_route=%2Fwp%2Fv2%2Ftags&post=774"}],"curies":[{"name":"wp","href":"https:\/\/api.w.org\/{rel}","templated":true}]}}