{"id":797,"date":"2015-10-29T23:25:57","date_gmt":"2015-10-29T22:25:57","guid":{"rendered":"http:\/\/www.renaissance-vieux-boulogne.fr\/?p=797"},"modified":"2015-11-21T15:12:32","modified_gmt":"2015-11-21T14:12:32","slug":"sortie-a-dunkerque","status":"publish","type":"post","link":"https:\/\/www.renaissance-vieux-boulogne.fr\/?p=797","title":{"rendered":"Sortie \u00e0 Dunkerque 5 d\u00e9cembre"},"content":{"rendered":"<p>Boulogne-sur-Mer, le 28 octobre 2015<\/p>\n<p>Renaissance du Vieux Boulogne<br \/>\nJourn\u00e9e \u00e0 Dunkerque, de la ville au port<br \/>\nSamedi 5 d\u00e9cembre 2015<\/p>\n<p style=\"text-align: left;\">Chers amies et amis,<\/p>\n<p style=\"text-align: left;\">Flamande, bourguignonne puis espagnole avant de devenir fran\u00e7aise sous le r\u00e8gne de Louis XIV, la ville de Dunkerque a grandi autour de son port.<!--more--><\/p>\n<p style=\"text-align: left;\">La journ\u00e9e d\u00e9butera par une promenade guid\u00e9e, de 10 h 30 \u00e0 12 h, pour d\u00e9couvrir le centre de la ville : le Beffroi de Saint-Eloi et son carillon de 50 cloches, l\u2019Eglise Saint-Eloi qui abrite le tombeau de Jean Bart, l\u2019H\u00f4tel de ville construit au d\u00e9but du XXe si\u00e8cle par l\u2019architecte Louis Cordonnier, le Leughenaer (tour du menteur), la chapelle Notre-Dame des Dunes, la villa Ziegler et le Quartier Excentric avant de rejoindre la place Jean Bart pour le d\u00e9jeuner.<\/p>\n<p style=\"text-align: left;\">De 14 h \u00e0 15 h 45 nous retrouverons notre car pour une visite guid\u00e9e du port . Troisi\u00e8me port de commerce de France, il a d\u00fb s\u2019agrandir et moderniser ses \u00e9quipements pour accueillir les navires toujours plus grands et faire face \u00e0 la concurrence des autres complexes portuaires de la Mer du Nord.<\/p>\n<p style=\"text-align: left;\">De 16 h \u00e0 17 h 15 la visite guid\u00e9e de l\u2019exposition permanente du mus\u00e9e portuaire install\u00e9 dans un bel entrep\u00f4t \u00e0 tabac du XIXe s. compl\u00e8tera cette journ\u00e9e dunkerquoise.<\/p>\n<p style=\"text-align: left;\">Prix de la journ\u00e9e, transport, visites guid\u00e9es, entr\u00e9e au mus\u00e9e et repas (ap\u00e9ritif, entr\u00e9e, plat, dessert et boissons) : 64 euros.<br \/>\nInscription \u00e0 retourner avant le 20 novembre 2015<br \/>\nD\u00e9part du parking du Ch\u00e2teau-Mus\u00e9e : 9 h 15, retour 18 h 45.<\/p>\n<p style=\"text-align: right;\">Amiti\u00e9s \u00e0 toutes et \u00e0 tous,<br \/>\nYvette Talfer<br \/>\nPr\u00e9sidente de RVB<\/p>\n<p style=\"text-align: center;\">Renaissance du Vieux Boulogne, association d\u00e9clar\u00e9e \u00e0 la Sous-Pr\u00e9fecture de Boulogne-sur-Mer le 7-2-1973 sous le N\u00b02543<br \/>\nSecr\u00e9tariat : Ch\u00e2teau-Mus\u00e9e, 62200 Boulogne-sur-Mer contact@renaissance-vieux-boulogne.fr<\/p>\n<p style=\"text-align: center;\"><a href=\"http:\/\/www.renaissance-vieux-boulogne.fr\/wp-content\/uploads\/2015\/10\/dunkerque_inscription.pdf\">T\u00e9l\u00e9charger le bulletin d&rsquo;inscription<\/a><\/p>\n","protected":false},"excerpt":{"rendered":"<p>Boulogne-sur-Mer, le 28 octobre 2015 Renaissance du Vieux Boulogne Journ\u00e9e \u00e0 Dunkerque, de la ville au port Samedi 5 d\u00e9cembre 2015 Chers amies et amis, Flamande, bourguignonne puis espagnole avant de devenir fran\u00e7aise sous le r\u00e8gne de Louis XIV, la ville de Dunkerque a grandi autour de son port.<\/p>\n","protected":false},"author":1,"featured_media":801,"comment_status":"closed","ping_status":"closed","sticky":false,"template":"","format":"standard","meta":{"footnotes":""},"categories":[10],"tags":[],"class_list":["post-797","post","type-post","status-publish","format-standard","has-post-thumbnail","hentry","category-sortie"],"_links":{"self":[{"href":"https:\/\/www.renaissance-vieux-boulogne.fr\/index.php?rest_route=\/wp\/v2\/posts\/797","targetHints":{"allow":["GET"]}}],"collection":[{"href":"https:\/\/www.renaissance-vieux-boulogne.fr\/index.php?rest_route=\/wp\/v2\/posts"}],"about":[{"href":"https:\/\/www.renaissance-vieux-boulogne.fr\/index.php?rest_route=\/wp\/v2\/types\/post"}],"author":[{"embeddable":true,"href":"https:\/\/www.renaissance-vieux-boulogne.fr\/index.php?rest_route=\/wp\/v2\/users\/1"}],"replies":[{"embeddable":true,"href":"https:\/\/www.renaissance-vieux-boulogne.fr\/index.php?rest_route=%2Fwp%2Fv2%2Fcomments&post=797"}],"version-history":[{"count":7,"href":"https:\/\/www.renaissance-vieux-boulogne.fr\/index.php?rest_route=\/wp\/v2\/posts\/797\/revisions"}],"predecessor-version":[{"id":858,"href":"https:\/\/www.renaissance-vieux-boulogne.fr\/index.php?rest_route=\/wp\/v2\/posts\/797\/revisions\/858"}],"wp:featuredmedia":[{"embeddable":true,"href":"https:\/\/www.renaissance-vieux-boulogne.fr\/index.php?rest_route=\/wp\/v2\/media\/801"}],"wp:attachment":[{"href":"https:\/\/www.renaissance-vieux-boulogne.fr\/index.php?rest_route=%2Fwp%2Fv2%2Fmedia&parent=797"}],"wp:term":[{"taxonomy":"category","embeddable":true,"href":"https:\/\/www.renaissance-vieux-boulogne.fr\/index.php?rest_route=%2Fwp%2Fv2%2Fcategories&post=797"},{"taxonomy":"post_tag","embeddable":true,"href":"https:\/\/www.renaissance-vieux-boulogne.fr\/index.php?rest_route=%2Fwp%2Fv2%2Ftags&post=797"}],"curies":[{"name":"wp","href":"https:\/\/api.w.org\/{rel}","templated":true}]}}