{"id":913,"date":"2015-11-27T21:07:53","date_gmt":"2015-11-27T20:07:53","guid":{"rendered":"http:\/\/www.renaissance-vieux-boulogne.fr\/?p=913"},"modified":"2017-08-02T15:43:39","modified_gmt":"2017-08-02T14:43:39","slug":"de-la-buche-de-noel-aux-feux-de-la-saint-jean-du-rite-au-folklore","status":"publish","type":"post","link":"https:\/\/www.renaissance-vieux-boulogne.fr\/?p=913","title":{"rendered":"De la b\u00fbche de No\u00ebl aux feux de la Saint-Jean, du rite au folklore."},"content":{"rendered":"<p style=\"text-align: center;\"><a href=\"http:\/\/www.renaissance-vieux-boulogne.fr\/wp-content\/uploads\/2015\/11\/buche.jpg\"><img loading=\"lazy\" decoding=\"async\" class=\"size-medium wp-image-916 aligncenter\" src=\"http:\/\/www.renaissance-vieux-boulogne.fr\/wp-content\/uploads\/2015\/11\/buche-300x213.jpg\" alt=\"This year's Lucia, Fanny Haeffner takes part in an evening Lucia concert that drew 1200 spectators at the Stockholm's Cathedral on December 13, 2010 in Stockholm, Sweden. On December 13, Finland and Sweden celebrate Saint Lucia, a celebration of light that sees every school and day care picking one Lucia. Concerts with choirs of children dressed in white dresses and holding candles are typical. AFP PHOTO\/JONATHAN NACKSTRAND (Photo credit should read JONATHAN NACKSTRAND\/AFP\/Getty Images)\" width=\"300\" height=\"213\" srcset=\"https:\/\/www.renaissance-vieux-boulogne.fr\/wp-content\/uploads\/2015\/11\/buche-300x213.jpg 300w, https:\/\/www.renaissance-vieux-boulogne.fr\/wp-content\/uploads\/2015\/11\/buche.jpg 764w\" sizes=\"auto, (max-width: 300px) 100vw, 300px\" \/><\/a><\/p>\n<p style=\"text-align: center;\">Par Jean-Pierre Tancr\u00e9<\/p>\n<p style=\"text-align: center;\"><strong>Vendredi 4 d\u00e9cembre 2015<br \/>\n<\/strong><\/p>\n<p style=\"text-align: center;\"><strong>18h<\/strong><\/p>\n<p style=\"text-align: center;\">Salle Cassar, Biblioth\u00e8que des Annonciades, Place de la R\u00e9sistance, Boulogne-sur-mer<\/p>\n<p style=\"text-align: center;\">Ouvert \u00e0 tous \u2013 Entr\u00e9e gratuite<\/p>\n<p style=\"text-align: center;\"><strong><a href=\"http:\/\/www.renaissance-vieux-boulogne.fr\/wp-content\/uploads\/2015\/12\/feux_noel_st_jean.pdf\"> Acc\u00e9der au texte de la conf\u00e9rence<\/a><\/strong><\/p>\n<p>Pendant des mill\u00e9naires nos anc\u00eatres ont c\u00e9l\u00e9br\u00e9 les solstices\u00a0 en faisant des feux\u00a0: l&rsquo;Eglise, pour lutter contre ces pratiques, voudra les christianiser\u00a0: le solstice d&rsquo;hiver avec No\u00ebl, celui d&rsquo;\u00e9t\u00e9 avec la Saint Jean\u00a0.<br \/>\nIl nous en reste la b\u00fbche de No\u00ebl et quelques feux de joie la nuit du 24 Juin\u00a0: en \u00e0 peine un si\u00e8cle nous sommes pass\u00e9s du rite religieux au simple folklore\u00a0: nous verrons pourquoi.<\/p>\n<p style=\"text-align: center;\">\n","protected":false},"excerpt":{"rendered":"<p>Par Jean-Pierre Tancr\u00e9 Vendredi 4 d\u00e9cembre 2015 18h Salle Cassar, Biblioth\u00e8que des Annonciades, Place de la R\u00e9sistance, Boulogne-sur-mer Ouvert \u00e0 tous \u2013 Entr\u00e9e gratuite Acc\u00e9der au texte de la conf\u00e9rence Pendant des mill\u00e9naires nos anc\u00eatres ont c\u00e9l\u00e9br\u00e9 les solstices\u00a0 en faisant des feux\u00a0: l&rsquo;Eglise, pour lutter contre ces pratiques, voudra les christianiser\u00a0: le solstice d&rsquo;hiver &hellip; <a href=\"https:\/\/www.renaissance-vieux-boulogne.fr\/?p=913\" class=\"more-link\">Continuer la lecture de <span class=\"screen-reader-text\">De la b\u00fbche de No\u00ebl aux feux de la Saint-Jean, du rite au folklore.<\/span>  <span class=\"meta-nav\">&rarr;<\/span><\/a><\/p>\n","protected":false},"author":1,"featured_media":0,"comment_status":"closed","ping_status":"closed","sticky":false,"template":"","format":"standard","meta":{"footnotes":""},"categories":[7],"tags":[],"class_list":["post-913","post","type-post","status-publish","format-standard","hentry","category-conference"],"_links":{"self":[{"href":"https:\/\/www.renaissance-vieux-boulogne.fr\/index.php?rest_route=\/wp\/v2\/posts\/913","targetHints":{"allow":["GET"]}}],"collection":[{"href":"https:\/\/www.renaissance-vieux-boulogne.fr\/index.php?rest_route=\/wp\/v2\/posts"}],"about":[{"href":"https:\/\/www.renaissance-vieux-boulogne.fr\/index.php?rest_route=\/wp\/v2\/types\/post"}],"author":[{"embeddable":true,"href":"https:\/\/www.renaissance-vieux-boulogne.fr\/index.php?rest_route=\/wp\/v2\/users\/1"}],"replies":[{"embeddable":true,"href":"https:\/\/www.renaissance-vieux-boulogne.fr\/index.php?rest_route=%2Fwp%2Fv2%2Fcomments&post=913"}],"version-history":[{"count":11,"href":"https:\/\/www.renaissance-vieux-boulogne.fr\/index.php?rest_route=\/wp\/v2\/posts\/913\/revisions"}],"predecessor-version":[{"id":1528,"href":"https:\/\/www.renaissance-vieux-boulogne.fr\/index.php?rest_route=\/wp\/v2\/posts\/913\/revisions\/1528"}],"wp:attachment":[{"href":"https:\/\/www.renaissance-vieux-boulogne.fr\/index.php?rest_route=%2Fwp%2Fv2%2Fmedia&parent=913"}],"wp:term":[{"taxonomy":"category","embeddable":true,"href":"https:\/\/www.renaissance-vieux-boulogne.fr\/index.php?rest_route=%2Fwp%2Fv2%2Fcategories&post=913"},{"taxonomy":"post_tag","embeddable":true,"href":"https:\/\/www.renaissance-vieux-boulogne.fr\/index.php?rest_route=%2Fwp%2Fv2%2Ftags&post=913"}],"curies":[{"name":"wp","href":"https:\/\/api.w.org\/{rel}","templated":true}]}}